{"id":931,"date":"2022-07-19T00:05:50","date_gmt":"2022-07-19T06:05:50","guid":{"rendered":"http:\/\/it2021.innovandolatradicion.org\/?p=931"},"modified":"2024-08-16T16:33:44","modified_gmt":"2024-08-16T22:33:44","slug":"los-primeros-pasos-de-innovando-la-tradicion","status":"publish","type":"post","link":"https:\/\/innovandolatradicion.org\/en\/los-primeros-pasos-de-innovando-la-tradicion\/","title":{"rendered":"FIRST STEPS"},"content":{"rendered":"<h2 class=\"wp-block-heading\"><strong>colaboraci\u00f3n con la familia ch\u00e1vez: inicio de innovando la tradici\u00f3n <\/strong><\/h2>\n\n\n\n<div style=\"height:50px\" aria-hidden=\"true\" class=\"wp-block-spacer\"><\/div>\n\n\n\n<figure class=\"wp-block-image size-large\"><img loading=\"lazy\" decoding=\"async\" width=\"1024\" height=\"569\" src=\"https:\/\/innovandolatradicion.org\/wp-content\/uploads\/2024\/08\/The-earth-speaks-in-silence-innovando-la-tradicion-05-1024x569.png\" alt=\"\" class=\"wp-image-2777\" srcset=\"https:\/\/innovandolatradicion.org\/wp-content\/uploads\/2024\/08\/The-earth-speaks-in-silence-innovando-la-tradicion-05-980x545.png 980w, https:\/\/innovandolatradicion.org\/wp-content\/uploads\/2024\/08\/The-earth-speaks-in-silence-innovando-la-tradicion-05-480x267.png 480w\" sizes=\"(min-width: 0px) and (max-width: 480px) 480px, (min-width: 481px) and (max-width: 980px) 980px, (min-width: 981px) 1024px, 100vw\" \/><\/figure>\n\n\n\n<p>\u00bfEs posible meter la taza a una c\u00e1mara de aceleraci\u00f3n temporal y generar mutaciones que le permitan evolucionar y adaptarse a nuestro mundo moderno? \u00bfEs posible transformar la artesan\u00eda tradicional y conservar su esencia? \u00bfPuede la artesan\u00eda mutar, adaptarse para sobrevivir y alimentar al dise\u00f1o mexicano? Estas fueron algunas de las preguntas que dieron inicio a <strong>Innovating Tradition<\/strong>, cuando la directora, <strong>Kythzia Barrera<\/strong>, hizo su maestr\u00eda en Social and Sustainable Design por la Design Academie Eindhoven, en Los Pa\u00edses Bajos. Tom\u00f3 como estudio de caso a la familia Ch\u00e1vez y la taza chocolatera producida en San Mart\u00edn Mexicapan.<\/p>\n\n\n\n<div style=\"height:50px\" aria-hidden=\"true\" class=\"wp-block-spacer\"><\/div>\n\n\n\n<blockquote class=\"wp-block-quote is-layout-flow wp-block-quote-is-layout-flow\">\n<p><em>\u201cThe chocolate cup, typical in Oaxaca, was one of our starting points. It was what triggered our love for clay, history and artisans.\u201d <\/em><br>&#8211; Kythzia Barrera<\/p>\n<\/blockquote>\n\n\n\n<div style=\"height:50px\" aria-hidden=\"true\" class=\"wp-block-spacer\"><\/div>\n\n\n\n<figure class=\"wp-block-image size-full\"><img loading=\"lazy\" decoding=\"async\" width=\"1024\" height=\"768\" src=\"https:\/\/innovandolatradicion.org\/wp-content\/uploads\/2022\/07\/01-Taza-Ma\u0301rgara-Familia-Cha\u0301vez.-Archivo-Innovando-la-Tradicio\u0301n-2000.jpg\" alt=\"\" class=\"wp-image-932\" srcset=\"https:\/\/innovandolatradicion.org\/wp-content\/uploads\/2022\/07\/01-Taza-Ma\u0301rgara-Familia-Cha\u0301vez.-Archivo-Innovando-la-Tradicio\u0301n-2000.jpg 1024w, https:\/\/innovandolatradicion.org\/wp-content\/uploads\/2022\/07\/01-Taza-Ma\u0301rgara-Familia-Cha\u0301vez.-Archivo-Innovando-la-Tradicio\u0301n-2000-300x225.jpg 300w, https:\/\/innovandolatradicion.org\/wp-content\/uploads\/2022\/07\/01-Taza-Ma\u0301rgara-Familia-Cha\u0301vez.-Archivo-Innovando-la-Tradicio\u0301n-2000-768x576.jpg 768w, https:\/\/innovandolatradicion.org\/wp-content\/uploads\/2022\/07\/01-Taza-Ma\u0301rgara-Familia-Cha\u0301vez.-Archivo-Innovando-la-Tradicio\u0301n-2000-510x382.jpg 510w, https:\/\/innovandolatradicion.org\/wp-content\/uploads\/2022\/07\/01-Taza-Ma\u0301rgara-Familia-Cha\u0301vez.-Archivo-Innovando-la-Tradicio\u0301n-2000-980x735.jpg 980w, https:\/\/innovandolatradicion.org\/wp-content\/uploads\/2022\/07\/01-Taza-Ma\u0301rgara-Familia-Cha\u0301vez.-Archivo-Innovando-la-Tradicio\u0301n-2000-480x360.jpg 480w\" sizes=\"(max-width: 1024px) 100vw, 1024px\" \/><figcaption class=\"wp-element-caption\">Taza Margarita Familia Cha\u0301vez. Archivo Innovando la Tradicio\u0301n, 2000<\/figcaption><\/figure>\n\n\n\n<div style=\"height:50px\" aria-hidden=\"true\" class=\"wp-block-spacer\"><\/div>\n\n\n\n<p>En la Ciudad de Oaxaca hab\u00edan decenas de talleres alfareros a\u00fan en los a\u00f1os 60. En 2005, el taller de la <strong>familia Ch\u00e1vez<\/strong> en San Mart\u00edn Mexicapam era uno de los pocos talleres de alfarer\u00eda tradicional que sobreviv\u00edan en el entorno de la Ciudad de Oaxaca. Eran incre\u00edbles maestros torneros, pioneros en esmaltar sin plomo y en utilizar hornos de gas. A pesar de su voluntad de cambio, o tal vez debido a ella, hab\u00edan atravesado muchas dificultades. Uno de sus principales productos era un cuenco, la <strong>taza chocolatera<\/strong>, como se le conoce en Oaxaca, que es un objeto t\u00edpico, casi ubicuo, para beber chocolate.<\/p>\n\n\n\n<div style=\"height:50px\" aria-hidden=\"true\" class=\"wp-block-spacer\"><\/div>\n\n\n\n<blockquote class=\"wp-block-quote is-layout-flow wp-block-quote-is-layout-flow\">\n<p>&#8220;Conocimos a la familia Chavez gracias a nuestra maestra, la antrop\u00f3loga <strong>Martha Turok<\/strong>, in the summer of <strong>2005<\/strong>. At that time the family was in a precarious financial situation. The chocolate cup was sold for 10 pesos in the markets.<\/p>\n\n\n\n<p>We started a collaborative project as a case study and with the desire to <em>help<\/em> a la familia. Pronto nos dimos cuenta de que una colaboraci\u00f3n real dise\u00f1ador-artesanos requiere mucho m\u00e1s que buenas intenciones.&#8221;<\/p>\n<\/blockquote>\n\n\n\n<div style=\"height:50px\" aria-hidden=\"true\" class=\"wp-block-spacer\"><\/div>\n\n\n\n<p>Tambi\u00e9n llamada G21 por Alfonso Caso, <strong>en esta taza se ha tomado chocolate por m\u00e1s de dos mil a\u00f1os en el valle de Oaxaca<\/strong>. En este objeto peque\u00f1o, modesto y generalmente olvidado confluye toda una red de relaciones y complicidades. <\/p>\n\n\n\n<div style=\"height:50px\" aria-hidden=\"true\" class=\"wp-block-spacer\"><\/div>\n\n\n\n<figure class=\"wp-block-gallery has-nested-images columns-default is-cropped wp-block-gallery-1 is-layout-flex wp-block-gallery-is-layout-flex\">\n<figure class=\"wp-block-image size-large\"><img loading=\"lazy\" decoding=\"async\" width=\"1024\" height=\"768\" data-id=\"934\" src=\"https:\/\/innovandolatradicion.org\/wp-content\/uploads\/2022\/07\/Familia-Cha\u0301vez.-Archivo-Innovando-la-Tradicio\u0301n-2000.jpg\" alt=\"\" class=\"wp-image-934\" srcset=\"https:\/\/innovandolatradicion.org\/wp-content\/uploads\/2022\/07\/Familia-Cha\u0301vez.-Archivo-Innovando-la-Tradicio\u0301n-2000.jpg 1024w, https:\/\/innovandolatradicion.org\/wp-content\/uploads\/2022\/07\/Familia-Cha\u0301vez.-Archivo-Innovando-la-Tradicio\u0301n-2000-300x225.jpg 300w, https:\/\/innovandolatradicion.org\/wp-content\/uploads\/2022\/07\/Familia-Cha\u0301vez.-Archivo-Innovando-la-Tradicio\u0301n-2000-768x576.jpg 768w, https:\/\/innovandolatradicion.org\/wp-content\/uploads\/2022\/07\/Familia-Cha\u0301vez.-Archivo-Innovando-la-Tradicio\u0301n-2000-510x382.jpg 510w, https:\/\/innovandolatradicion.org\/wp-content\/uploads\/2022\/07\/Familia-Cha\u0301vez.-Archivo-Innovando-la-Tradicio\u0301n-2000-980x735.jpg 980w, https:\/\/innovandolatradicion.org\/wp-content\/uploads\/2022\/07\/Familia-Cha\u0301vez.-Archivo-Innovando-la-Tradicio\u0301n-2000-480x360.jpg 480w\" sizes=\"(max-width: 1024px) 100vw, 1024px\" \/><\/figure>\n\n\n\n<figure class=\"wp-block-image size-large\"><img loading=\"lazy\" decoding=\"async\" width=\"1024\" height=\"768\" data-id=\"929\" src=\"https:\/\/innovandolatradicion.org\/wp-content\/uploads\/2022\/07\/Los-Chavez.-Archivo-Innovando-la-Tradicio\u0301n-20000.jpg\" alt=\"Los Chavez. Archivo Innovando la Tradicio\u0301n, 20000\" class=\"wp-image-929\" srcset=\"https:\/\/innovandolatradicion.org\/wp-content\/uploads\/2022\/07\/Los-Chavez.-Archivo-Innovando-la-Tradicio\u0301n-20000.jpg 1024w, https:\/\/innovandolatradicion.org\/wp-content\/uploads\/2022\/07\/Los-Chavez.-Archivo-Innovando-la-Tradicio\u0301n-20000-300x225.jpg 300w, https:\/\/innovandolatradicion.org\/wp-content\/uploads\/2022\/07\/Los-Chavez.-Archivo-Innovando-la-Tradicio\u0301n-20000-768x576.jpg 768w, https:\/\/innovandolatradicion.org\/wp-content\/uploads\/2022\/07\/Los-Chavez.-Archivo-Innovando-la-Tradicio\u0301n-20000-510x382.jpg 510w, https:\/\/innovandolatradicion.org\/wp-content\/uploads\/2022\/07\/Los-Chavez.-Archivo-Innovando-la-Tradicio\u0301n-20000-980x735.jpg 980w, https:\/\/innovandolatradicion.org\/wp-content\/uploads\/2022\/07\/Los-Chavez.-Archivo-Innovando-la-Tradicio\u0301n-20000-480x360.jpg 480w\" sizes=\"(max-width: 1024px) 100vw, 1024px\" \/><\/figure>\n\n\n\n<figure class=\"wp-block-image size-large\"><img loading=\"lazy\" decoding=\"async\" width=\"1024\" height=\"768\" data-id=\"935\" src=\"https:\/\/innovandolatradicion.org\/wp-content\/uploads\/2022\/07\/Tazas-familia-Cha\u0301vez.-Archivo-Innovando-la-Tradicio\u0301n-2000.jpg\" alt=\"\" class=\"wp-image-935\" srcset=\"https:\/\/innovandolatradicion.org\/wp-content\/uploads\/2022\/07\/Tazas-familia-Cha\u0301vez.-Archivo-Innovando-la-Tradicio\u0301n-2000.jpg 1024w, https:\/\/innovandolatradicion.org\/wp-content\/uploads\/2022\/07\/Tazas-familia-Cha\u0301vez.-Archivo-Innovando-la-Tradicio\u0301n-2000-300x225.jpg 300w, https:\/\/innovandolatradicion.org\/wp-content\/uploads\/2022\/07\/Tazas-familia-Cha\u0301vez.-Archivo-Innovando-la-Tradicio\u0301n-2000-768x576.jpg 768w, https:\/\/innovandolatradicion.org\/wp-content\/uploads\/2022\/07\/Tazas-familia-Cha\u0301vez.-Archivo-Innovando-la-Tradicio\u0301n-2000-510x382.jpg 510w, https:\/\/innovandolatradicion.org\/wp-content\/uploads\/2022\/07\/Tazas-familia-Cha\u0301vez.-Archivo-Innovando-la-Tradicio\u0301n-2000-980x735.jpg 980w, https:\/\/innovandolatradicion.org\/wp-content\/uploads\/2022\/07\/Tazas-familia-Cha\u0301vez.-Archivo-Innovando-la-Tradicio\u0301n-2000-480x360.jpg 480w\" sizes=\"(max-width: 1024px) 100vw, 1024px\" \/><\/figure>\n\n\n\n<figure class=\"wp-block-image size-large\"><img loading=\"lazy\" decoding=\"async\" width=\"1024\" height=\"768\" data-id=\"933\" src=\"https:\/\/innovandolatradicion.org\/wp-content\/uploads\/2022\/07\/Familia-Cha\u0301vez-y-Kythzia-Barrera.-Archivo-Innovando-la-Tradicio\u0301n-20000.jpg\" alt=\"\" class=\"wp-image-933\" srcset=\"https:\/\/innovandolatradicion.org\/wp-content\/uploads\/2022\/07\/Familia-Cha\u0301vez-y-Kythzia-Barrera.-Archivo-Innovando-la-Tradicio\u0301n-20000.jpg 1024w, https:\/\/innovandolatradicion.org\/wp-content\/uploads\/2022\/07\/Familia-Cha\u0301vez-y-Kythzia-Barrera.-Archivo-Innovando-la-Tradicio\u0301n-20000-300x225.jpg 300w, https:\/\/innovandolatradicion.org\/wp-content\/uploads\/2022\/07\/Familia-Cha\u0301vez-y-Kythzia-Barrera.-Archivo-Innovando-la-Tradicio\u0301n-20000-768x576.jpg 768w, https:\/\/innovandolatradicion.org\/wp-content\/uploads\/2022\/07\/Familia-Cha\u0301vez-y-Kythzia-Barrera.-Archivo-Innovando-la-Tradicio\u0301n-20000-510x382.jpg 510w, https:\/\/innovandolatradicion.org\/wp-content\/uploads\/2022\/07\/Familia-Cha\u0301vez-y-Kythzia-Barrera.-Archivo-Innovando-la-Tradicio\u0301n-20000-980x735.jpg 980w, https:\/\/innovandolatradicion.org\/wp-content\/uploads\/2022\/07\/Familia-Cha\u0301vez-y-Kythzia-Barrera.-Archivo-Innovando-la-Tradicio\u0301n-20000-480x360.jpg 480w\" sizes=\"(max-width: 1024px) 100vw, 1024px\" \/><\/figure>\n<figcaption class=\"blocks-gallery-caption wp-element-caption\">Work session with the Ch\u00e1vez family. Archive Innovating Tradition, 2005<\/figcaption><\/figure>\n\n\n\n<p><\/p>","protected":false},"excerpt":{"rendered":"<p>Collaboration with the Ch\u00e1vez family. San Martin Mexicapan, Oaxaca, 2005.<\/p>","protected":false},"author":1,"featured_media":935,"comment_status":"closed","ping_status":"closed","sticky":false,"template":"","format":"standard","meta":{"_et_pb_use_builder":"off","_et_pb_old_content":"","_et_gb_content_width":"","inline_featured_image":false,"footnotes":""},"categories":[33,35],"tags":[51,55,42,43],"class_list":["post-931","post","type-post","status-publish","format-standard","has-post-thumbnail","hentry","category-investigacion","category-publicacion","tag-diseno-consciente","tag-interculturalidad","tag-puentes","tag-saberes-locales","comunidad-san-martin-mexicapan","ao-78"],"_links":{"self":[{"href":"https:\/\/innovandolatradicion.org\/en\/wp-json\/wp\/v2\/posts\/931","targetHints":{"allow":["GET"]}}],"collection":[{"href":"https:\/\/innovandolatradicion.org\/en\/wp-json\/wp\/v2\/posts"}],"about":[{"href":"https:\/\/innovandolatradicion.org\/en\/wp-json\/wp\/v2\/types\/post"}],"author":[{"embeddable":true,"href":"https:\/\/innovandolatradicion.org\/en\/wp-json\/wp\/v2\/users\/1"}],"replies":[{"embeddable":true,"href":"https:\/\/innovandolatradicion.org\/en\/wp-json\/wp\/v2\/comments?post=931"}],"version-history":[{"count":18,"href":"https:\/\/innovandolatradicion.org\/en\/wp-json\/wp\/v2\/posts\/931\/revisions"}],"predecessor-version":[{"id":2808,"href":"https:\/\/innovandolatradicion.org\/en\/wp-json\/wp\/v2\/posts\/931\/revisions\/2808"}],"wp:featuredmedia":[{"embeddable":true,"href":"https:\/\/innovandolatradicion.org\/en\/wp-json\/wp\/v2\/media\/935"}],"wp:attachment":[{"href":"https:\/\/innovandolatradicion.org\/en\/wp-json\/wp\/v2\/media?parent=931"}],"wp:term":[{"taxonomy":"category","embeddable":true,"href":"https:\/\/innovandolatradicion.org\/en\/wp-json\/wp\/v2\/categories?post=931"},{"taxonomy":"post_tag","embeddable":true,"href":"https:\/\/innovandolatradicion.org\/en\/wp-json\/wp\/v2\/tags?post=931"}],"curies":[{"name":"wp","href":"https:\/\/api.w.org\/{rel}","templated":true}]}}